{"id":934,"date":"2025-02-18T13:26:10","date_gmt":"2025-02-18T12:26:10","guid":{"rendered":"https:\/\/cfecgc-metierdelemploi-dg.fr\/?p=934"},"modified":"2025-02-18T13:26:10","modified_gmt":"2025-02-18T12:26:10","slug":"les-dotations-2025-du-cse-ouvertes","status":"publish","type":"post","link":"https:\/\/cfecgc-metierdelemploi-dg.fr\/?p=934","title":{"rendered":"Les dotations 2025 du CSE ouvertes"},"content":{"rendered":"\n<p>La CFE-CGC a vot\u00e9 POUR les dotations 2025 du CSE Direction G\u00e9n\u00e9rale. Vous pouvez retrouver toutes les informations sur la plateforme du CSE.<\/p>\n\n\n\n<p><a href=\"https:\/\/csesiegepe.fr\/?redirect=%2Fsalarie%2Fhome\" target=\"_blank\" rel=\"noreferrer noopener\">csesiegepe.fr<\/a><\/p>\n\n\n\n<p>Vous avez des questions. Les \u00e9lus de la section CFE-CGC Direction G\u00e9n\u00e9rale sont l\u00e0 pour y r\u00e9pondre. <\/p>\n\n\n\n<p><a href=\"Syndicat.CFE-CGC-Siege@francetravail.fr\" data-type=\"link\" data-id=\"Syndicat.CFE-CGC-Siege@francetravail.fr\">Syndicat.CFE-CGC-Siege@francetravail.fr<\/a><\/p>\n\n\n\n<figure class=\"wp-block-image size-large\"><img loading=\"lazy\" decoding=\"async\" width=\"1024\" height=\"496\" src=\"https:\/\/cfecgc-metierdelemploi-dg.fr\/wp-content\/uploads\/2025\/02\/Capture-1024x496.png\" alt=\"\" class=\"wp-image-935\" srcset=\"https:\/\/cfecgc-metierdelemploi-dg.fr\/wp-content\/uploads\/2025\/02\/Capture-1024x496.png 1024w, https:\/\/cfecgc-metierdelemploi-dg.fr\/wp-content\/uploads\/2025\/02\/Capture-300x145.png 300w, https:\/\/cfecgc-metierdelemploi-dg.fr\/wp-content\/uploads\/2025\/02\/Capture-768x372.png 768w, https:\/\/cfecgc-metierdelemploi-dg.fr\/wp-content\/uploads\/2025\/02\/Capture-1536x744.png 1536w, https:\/\/cfecgc-metierdelemploi-dg.fr\/wp-content\/uploads\/2025\/02\/Capture-1200x581.png 1200w, https:\/\/cfecgc-metierdelemploi-dg.fr\/wp-content\/uploads\/2025\/02\/Capture.png 1905w\" sizes=\"(max-width: 709px) 85vw, (max-width: 909px) 67vw, (max-width: 1362px) 62vw, 840px\" \/><\/figure>\n","protected":false},"excerpt":{"rendered":"<p>La CFE-CGC a vot\u00e9 POUR les dotations 2025 du CSE Direction G\u00e9n\u00e9rale. Vous pouvez retrouver toutes les informations sur la plateforme du CSE. csesiegepe.fr Vous avez des questions. Les \u00e9lus &hellip; <a href=\"https:\/\/cfecgc-metierdelemploi-dg.fr\/?p=934\" class=\"more-link\">Continuer la lecture<span class=\"screen-reader-text\"> de &laquo;&nbsp;Les dotations 2025 du CSE ouvertes&nbsp;&raquo;<\/span><\/a><\/p>\n","protected":false},"author":1,"featured_media":0,"comment_status":"open","ping_status":"open","sticky":false,"template":"","format":"standard","meta":{"footnotes":""},"categories":[1],"tags":[],"_links":{"self":[{"href":"https:\/\/cfecgc-metierdelemploi-dg.fr\/index.php?rest_route=\/wp\/v2\/posts\/934"}],"collection":[{"href":"https:\/\/cfecgc-metierdelemploi-dg.fr\/index.php?rest_route=\/wp\/v2\/posts"}],"about":[{"href":"https:\/\/cfecgc-metierdelemploi-dg.fr\/index.php?rest_route=\/wp\/v2\/types\/post"}],"author":[{"embeddable":true,"href":"https:\/\/cfecgc-metierdelemploi-dg.fr\/index.php?rest_route=\/wp\/v2\/users\/1"}],"replies":[{"embeddable":true,"href":"https:\/\/cfecgc-metierdelemploi-dg.fr\/index.php?rest_route=%2Fwp%2Fv2%2Fcomments&post=934"}],"version-history":[{"count":1,"href":"https:\/\/cfecgc-metierdelemploi-dg.fr\/index.php?rest_route=\/wp\/v2\/posts\/934\/revisions"}],"predecessor-version":[{"id":936,"href":"https:\/\/cfecgc-metierdelemploi-dg.fr\/index.php?rest_route=\/wp\/v2\/posts\/934\/revisions\/936"}],"wp:attachment":[{"href":"https:\/\/cfecgc-metierdelemploi-dg.fr\/index.php?rest_route=%2Fwp%2Fv2%2Fmedia&parent=934"}],"wp:term":[{"taxonomy":"category","embeddable":true,"href":"https:\/\/cfecgc-metierdelemploi-dg.fr\/index.php?rest_route=%2Fwp%2Fv2%2Fcategories&post=934"},{"taxonomy":"post_tag","embeddable":true,"href":"https:\/\/cfecgc-metierdelemploi-dg.fr\/index.php?rest_route=%2Fwp%2Fv2%2Ftags&post=934"}],"curies":[{"name":"wp","href":"https:\/\/api.w.org\/{rel}","templated":true}]}}