{"id":940,"date":"2025-03-04T15:16:33","date_gmt":"2025-03-04T14:16:33","guid":{"rendered":"https:\/\/cfecgc-metierdelemploi-dg.fr\/?p=940"},"modified":"2025-03-04T15:17:23","modified_gmt":"2025-03-04T14:17:23","slug":"re-organisation-de-la-direction-generale-la-cfe-cgc-dit-attention","status":"publish","type":"post","link":"https:\/\/cfecgc-metierdelemploi-dg.fr\/?p=940","title":{"rendered":"R\u00e9-organisation de la Direction G\u00e9n\u00e9rale, la CFE CGC dit attention !!! et pose des questions pr\u00e9cises."},"content":{"rendered":"\n<div data-wp-interactive=\"core\/file\" class=\"wp-block-file\"><object data-wp-bind--hidden=\"!state.hasPdfPreview\"  class=\"wp-block-file__embed\" data=\"https:\/\/cfecgc-metierdelemploi-dg.fr\/wp-content\/uploads\/2025\/03\/Declaration-CFE-CGC-au-CSE-du-03-mars-2025-.pdf\" type=\"application\/pdf\" style=\"width:100%;height:600px\" aria-label=\"Contenu embarqu\u00e9 Declaration-CFE-CGC-au-CSE-du-03-mars-2025-.\"><\/object><a id=\"wp-block-file--media-db2099c7-19d6-4230-8029-cbb5776decac\" href=\"https:\/\/cfecgc-metierdelemploi-dg.fr\/wp-content\/uploads\/2025\/03\/Declaration-CFE-CGC-au-CSE-du-03-mars-2025-.pdf\">Declaration-CFE-CGC-au-CSE-du-03-mars-2025-<\/a><a href=\"https:\/\/cfecgc-metierdelemploi-dg.fr\/wp-content\/uploads\/2025\/03\/Declaration-CFE-CGC-au-CSE-du-03-mars-2025-.pdf\" class=\"wp-block-file__button wp-element-button\" download aria-describedby=\"wp-block-file--media-db2099c7-19d6-4230-8029-cbb5776decac\">T\u00e9l\u00e9charger<\/a><\/div>\n","protected":false},"excerpt":{"rendered":"","protected":false},"author":1,"featured_media":0,"comment_status":"open","ping_status":"open","sticky":false,"template":"","format":"standard","meta":{"footnotes":""},"categories":[1],"tags":[],"_links":{"self":[{"href":"https:\/\/cfecgc-metierdelemploi-dg.fr\/index.php?rest_route=\/wp\/v2\/posts\/940"}],"collection":[{"href":"https:\/\/cfecgc-metierdelemploi-dg.fr\/index.php?rest_route=\/wp\/v2\/posts"}],"about":[{"href":"https:\/\/cfecgc-metierdelemploi-dg.fr\/index.php?rest_route=\/wp\/v2\/types\/post"}],"author":[{"embeddable":true,"href":"https:\/\/cfecgc-metierdelemploi-dg.fr\/index.php?rest_route=\/wp\/v2\/users\/1"}],"replies":[{"embeddable":true,"href":"https:\/\/cfecgc-metierdelemploi-dg.fr\/index.php?rest_route=%2Fwp%2Fv2%2Fcomments&post=940"}],"version-history":[{"count":3,"href":"https:\/\/cfecgc-metierdelemploi-dg.fr\/index.php?rest_route=\/wp\/v2\/posts\/940\/revisions"}],"predecessor-version":[{"id":944,"href":"https:\/\/cfecgc-metierdelemploi-dg.fr\/index.php?rest_route=\/wp\/v2\/posts\/940\/revisions\/944"}],"wp:attachment":[{"href":"https:\/\/cfecgc-metierdelemploi-dg.fr\/index.php?rest_route=%2Fwp%2Fv2%2Fmedia&parent=940"}],"wp:term":[{"taxonomy":"category","embeddable":true,"href":"https:\/\/cfecgc-metierdelemploi-dg.fr\/index.php?rest_route=%2Fwp%2Fv2%2Fcategories&post=940"},{"taxonomy":"post_tag","embeddable":true,"href":"https:\/\/cfecgc-metierdelemploi-dg.fr\/index.php?rest_route=%2Fwp%2Fv2%2Ftags&post=940"}],"curies":[{"name":"wp","href":"https:\/\/api.w.org\/{rel}","templated":true}]}}